{"id":1085,"date":"2011-02-17T17:50:21","date_gmt":"2011-02-17T16:50:21","guid":{"rendered":"http:\/\/www.melanie-haas.de\/?p=1085"},"modified":"2017-01-11T11:53:37","modified_gmt":"2017-01-11T10:53:37","slug":"kinder-haben-recht-auf-larm","status":"publish","type":"post","link":"http:\/\/www.melanie-haas.de\/?p=1085","title":{"rendered":"Kinder haben Recht auf L\u00e4rm!"},"content":{"rendered":"<p>Eine am am Mittwoch vom Bundeskabinett beschlossene Gesetzesnovelle schreibt fest, dass Kinderl\u00e4rm in Wohngebieten k\u00fcnftig keinen Klagegrund mehr begr\u00fcnden kann.<\/p>\n<p>Kindertagesst\u00e4tten und Spielpl\u00e4tze sollen demnach generell in Wohngebieten zugelassen werden. Dazu betont Bundesfamilienministerin sterben: &#8221; <em>Kindertagesst\u00e4tten D\u00fcrfen nicht in Randgebiete verdr\u00e4ngt Werden, Sondern geh\u00f6ren dahin, wo Familien wohnen.&#8221;<\/em><\/p>\n<p>Es kann gehofft werden, dass diese erfreuliche Gesetzesnovelle zu familienfreundlicheren Lebensbedingungen beitr\u00e4gt.<\/p>\n<p>Quelle: Welt Kompakt vom 17.02.2011<\/p>\n<p>F\u00fcr Fragen zu diesem oder anderen Themen stehe ich Ihnen gern zur Verf\u00fcgung.<\/p>\n<p>Mit freundlichen Gr\u00fc\u00dfen<\/p>\n<p>Melanie Haas<br \/>\n<span class=\"goog-text-highlight\">Fachanw\u00e4ltin f\u00fcr Familienrecht\u00a0und Mediatorin <\/span><br \/>\nOstheimer Str. 28<br \/>\n51103 K\u00f6ln<br \/>\nTelefon: 0221\/27225573<br \/>\nwww.melanie-haas.de<\/p>\n","protected":false},"excerpt":{"rendered":"<p>Eine am am Mittwoch vom Bundeskabinett beschlossene Gesetzesnovelle schreibt fest, dass Kinderl\u00e4rm in Wohngebieten k\u00fcnftig keinen Klagegrund mehr begr\u00fcnden kann. Kindertagesst\u00e4tten und Spielpl\u00e4tze sollen demnach generell in Wohngebieten zugelassen werden. Dazu betont Bundesfamilienministerin sterben: &#8221; Kindertagesst\u00e4tten D\u00fcrfen nicht in Randgebiete verdr\u00e4ngt Werden, Sondern geh\u00f6ren dahin, wo Familien wohnen.&#8221; Es kann gehofft werden, dass diese erfreuliche [&hellip;]<\/p>\n","protected":false},"author":2,"featured_media":0,"comment_status":"closed","ping_status":"closed","sticky":false,"template":"","format":"standard","meta":[],"categories":[4],"tags":[],"_links":{"self":[{"href":"http:\/\/www.melanie-haas.de\/index.php?rest_route=\/wp\/v2\/posts\/1085"}],"collection":[{"href":"http:\/\/www.melanie-haas.de\/index.php?rest_route=\/wp\/v2\/posts"}],"about":[{"href":"http:\/\/www.melanie-haas.de\/index.php?rest_route=\/wp\/v2\/types\/post"}],"author":[{"embeddable":true,"href":"http:\/\/www.melanie-haas.de\/index.php?rest_route=\/wp\/v2\/users\/2"}],"replies":[{"embeddable":true,"href":"http:\/\/www.melanie-haas.de\/index.php?rest_route=%2Fwp%2Fv2%2Fcomments&post=1085"}],"version-history":[{"count":4,"href":"http:\/\/www.melanie-haas.de\/index.php?rest_route=\/wp\/v2\/posts\/1085\/revisions"}],"predecessor-version":[{"id":1240,"href":"http:\/\/www.melanie-haas.de\/index.php?rest_route=\/wp\/v2\/posts\/1085\/revisions\/1240"}],"wp:attachment":[{"href":"http:\/\/www.melanie-haas.de\/index.php?rest_route=%2Fwp%2Fv2%2Fmedia&parent=1085"}],"wp:term":[{"taxonomy":"category","embeddable":true,"href":"http:\/\/www.melanie-haas.de\/index.php?rest_route=%2Fwp%2Fv2%2Fcategories&post=1085"},{"taxonomy":"post_tag","embeddable":true,"href":"http:\/\/www.melanie-haas.de\/index.php?rest_route=%2Fwp%2Fv2%2Ftags&post=1085"}],"curies":[{"name":"wp","href":"https:\/\/api.w.org\/{rel}","templated":true}]}}